{"id":21735,"date":"2018-12-21T12:46:44","date_gmt":"2018-12-21T10:46:44","guid":{"rendered":"https:\/\/sergalgr.com\/?p=21735"},"modified":"2019-06-03T12:48:20","modified_gmt":"2019-06-03T10:48:20","slug":"calendario-sergal-2019","status":"publish","type":"post","link":"https:\/\/sergalgr.com\/es\/calendario-sergal-2019\/","title":{"rendered":"Calendario Sergal 2019"},"content":{"rendered":"<section class=\"wpb-content-wrapper\"><p>[vc_row][vc_column][vc_empty_space height=\u00bb50px\u00bb][\/vc_column][\/vc_row][vc_row][vc_column width=\u00bb1\/6&#8243;][\/vc_column][vc_column width=\u00bb2\/3&#8243;][vc_column_text]\u00a1Adi\u00f3s 2018! Hola 2019!<\/p>\n<p>2018 ha sido un buen a\u00f1o y por eso lo despedimos con alegr\u00eda. Llega un nuevo a\u00f1o, lleno de retos y novedades. En Sergal estamos preparados para que, este nuevo a\u00f1o, sea a\u00fan mejor que el que dejamos atr\u00e1s.<\/p>\n<p>Os estamos preparando muchas novedades para este 2019. Queremos ofreceros m\u00e1s tecnolog\u00eda, m\u00e1s comunicaci\u00f3n, m\u00e1s capacidad, m\u00e1s trazabilidad, m\u00e1s bioseguridad y m\u00e1s ventajas para nuestros clientes.<\/p>\n<p>Despu\u00e9s de la buena acogida de la edici\u00f3n anterior, para empezar a preparar el a\u00f1o nuevo y tenernos bien cerca, \u00a1os presentamos el nuevo calendario Sergal 2019![\/vc_column_text][\/vc_column][vc_column width=\u00bb1\/6&#8243;][\/vc_column][\/vc_row][vc_row css_animation=\u00bbfadeIn\u00bb][vc_column width=\u00bb1\/6&#8243;][\/vc_column][vc_column width=\u00bb2\/3&#8243;][vc_empty_space height=\u00bb50px\u00bb][vc_single_image image=\u00bb21737&#8243; img_size=\u00bbfull\u00bb alignment=\u00bbcenter\u00bb][\/vc_column][vc_column width=\u00bb1\/6&#8243;][\/vc_column][\/vc_row][vc_row][vc_column][vc_empty_space height=\u00bb100px\u00bb][vc_separator color=\u00bbcustom\u00bb accent_color=\u00bb#8b1c40&#8243;][vc_empty_space height=\u00bb100px\u00bb][\/vc_column][\/vc_row][vc_row][vc_column width=\u00bb1\/2&#8243;][vc_column_text]<\/p>\n<h1>\u00daltimes not\u00edcies<\/h1>\n<p>[\/vc_column_text][\/vc_column][vc_column width=\u00bb1\/2&#8243;][vc_column_text]<\/p>\n<p style=\"text-align: right;\"><span style=\"color: #000000;\"><a style=\"color: #000000;\" href=\"https:\/\/sergalgr.com\/es\/noticies\/\">Tornar a not\u00edcies<\/a><\/span><\/p>\n<p>[\/vc_column_text][\/vc_column][\/vc_row][vc_row][vc_column][vc_empty_space height=\u00bb50px\u00bb][vc_basic_grid post_type=\u00bbpost\u00bb max_items=\u00bb3&#8243; item=\u00bb48&#8243; grid_id=\u00bbvc_gid:1559558808068-6d2dce3c-7f41-0&#8243;][vc_empty_space height=\u00bb50px\u00bb][vc_separator color=\u00bbcustom\u00bb accent_color=\u00bb#8b1c40&#8243;][\/vc_column][\/vc_row]<\/p>\n<\/section>","protected":false},"excerpt":{"rendered":"<p>Despu\u00e9s de la buena acogida de la edici\u00f3n anterior, para empezar a preparar el a\u00f1o nuevo y tenernos bien cerca, \u00a1os presentamos el nuevo calendario Sergal 2019!<\/p>\n","protected":false},"author":1,"featured_media":21737,"comment_status":"closed","ping_status":"open","sticky":false,"template":"","format":"standard","meta":{"footnotes":""},"categories":[4],"tags":[],"class_list":["post-21735","post","type-post","status-publish","format-standard","has-post-thumbnail","hentry","category-noticias-sergal","category-4","description-off"],"yoast_head":"<!-- This site is optimized with the Yoast SEO plugin v26.9 - https:\/\/yoast.com\/product\/yoast-seo-wordpress\/ -->\n<title>Calendario Sergal 2019 - Sergal Gesti\u00f3 Ramadera<\/title>\n<meta name=\"robots\" content=\"index, follow, max-snippet:-1, max-image-preview:large, max-video-preview:-1\" \/>\n<link rel=\"canonical\" href=\"https:\/\/sergalgr.com\/es\/calendario-sergal-2019\/\" \/>\n<meta property=\"og:locale\" content=\"es_ES\" \/>\n<meta property=\"og:type\" content=\"article\" \/>\n<meta property=\"og:title\" content=\"Calendario Sergal 2019 - Sergal Gesti\u00f3 Ramadera\" \/>\n<meta property=\"og:description\" content=\"Despu\u00e9s de la buena acogida de la edici\u00f3n anterior, para empezar a preparar el a\u00f1o nuevo y tenernos bien cerca, \u00a1os presentamos el nuevo calendario Sergal 2019!\" \/>\n<meta property=\"og:url\" content=\"https:\/\/sergalgr.com\/es\/calendario-sergal-2019\/\" \/>\n<meta property=\"og:site_name\" content=\"Sergal Gesti\u00f3 Ramadera\" \/>\n<meta property=\"article:published_time\" content=\"2018-12-21T10:46:44+00:00\" \/>\n<meta property=\"article:modified_time\" content=\"2019-06-03T10:48:20+00:00\" \/>\n<meta property=\"og:image\" content=\"https:\/\/sergalgr.com\/wp-content\/uploads\/2019\/06\/Sergal-Calendari-2019.gif\" \/>\n\t<meta property=\"og:image:width\" content=\"2448\" \/>\n\t<meta property=\"og:image:height\" content=\"1800\" \/>\n\t<meta property=\"og:image:type\" content=\"image\/gif\" \/>\n<meta name=\"author\" content=\"sergalgr.com\" \/>\n<meta name=\"twitter:card\" content=\"summary_large_image\" \/>\n<meta name=\"twitter:creator\" content=\"@Sergalgr\" \/>\n<meta name=\"twitter:site\" content=\"@Sergalgr\" \/>\n<meta name=\"twitter:label1\" content=\"Escrito por\" \/>\n\t<meta name=\"twitter:data1\" content=\"sergalgr.com\" \/>\n\t<meta name=\"twitter:label2\" content=\"Tiempo de lectura\" \/>\n\t<meta name=\"twitter:data2\" content=\"1 minuto\" \/>\n<script type=\"application\/ld+json\" class=\"yoast-schema-graph\">{\"@context\":\"https:\/\/schema.org\",\"@graph\":[{\"@type\":\"Article\",\"@id\":\"https:\/\/sergalgr.com\/es\/calendario-sergal-2019\/#article\",\"isPartOf\":{\"@id\":\"https:\/\/sergalgr.com\/es\/calendario-sergal-2019\/\"},\"author\":{\"name\":\"sergalgr.com\",\"@id\":\"https:\/\/sergalgr.com\/#\/schema\/person\/78a131b8839f92e89a8d681711204cd5\"},\"headline\":\"Calendario Sergal 2019\",\"datePublished\":\"2018-12-21T10:46:44+00:00\",\"dateModified\":\"2019-06-03T10:48:20+00:00\",\"mainEntityOfPage\":{\"@id\":\"https:\/\/sergalgr.com\/es\/calendario-sergal-2019\/\"},\"wordCount\":289,\"image\":{\"@id\":\"https:\/\/sergalgr.com\/es\/calendario-sergal-2019\/#primaryimage\"},\"thumbnailUrl\":\"https:\/\/sergalgr.com\/wp-content\/uploads\/2019\/06\/Sergal-Calendari-2019.gif\",\"articleSection\":[\"Noticias Sergal\"],\"inLanguage\":\"es\"},{\"@type\":\"WebPage\",\"@id\":\"https:\/\/sergalgr.com\/es\/calendario-sergal-2019\/\",\"url\":\"https:\/\/sergalgr.com\/es\/calendario-sergal-2019\/\",\"name\":\"Calendario Sergal 2019 - Sergal Gesti\u00f3 Ramadera\",\"isPartOf\":{\"@id\":\"https:\/\/sergalgr.com\/#website\"},\"primaryImageOfPage\":{\"@id\":\"https:\/\/sergalgr.com\/es\/calendario-sergal-2019\/#primaryimage\"},\"image\":{\"@id\":\"https:\/\/sergalgr.com\/es\/calendario-sergal-2019\/#primaryimage\"},\"thumbnailUrl\":\"https:\/\/sergalgr.com\/wp-content\/uploads\/2019\/06\/Sergal-Calendari-2019.gif\",\"datePublished\":\"2018-12-21T10:46:44+00:00\",\"dateModified\":\"2019-06-03T10:48:20+00:00\",\"author\":{\"@id\":\"https:\/\/sergalgr.com\/#\/schema\/person\/78a131b8839f92e89a8d681711204cd5\"},\"breadcrumb\":{\"@id\":\"https:\/\/sergalgr.com\/es\/calendario-sergal-2019\/#breadcrumb\"},\"inLanguage\":\"es\",\"potentialAction\":[{\"@type\":\"ReadAction\",\"target\":[\"https:\/\/sergalgr.com\/es\/calendario-sergal-2019\/\"]}]},{\"@type\":\"ImageObject\",\"inLanguage\":\"es\",\"@id\":\"https:\/\/sergalgr.com\/es\/calendario-sergal-2019\/#primaryimage\",\"url\":\"https:\/\/sergalgr.com\/wp-content\/uploads\/2019\/06\/Sergal-Calendari-2019.gif\",\"contentUrl\":\"https:\/\/sergalgr.com\/wp-content\/uploads\/2019\/06\/Sergal-Calendari-2019.gif\",\"width\":2448,\"height\":1800},{\"@type\":\"BreadcrumbList\",\"@id\":\"https:\/\/sergalgr.com\/es\/calendario-sergal-2019\/#breadcrumb\",\"itemListElement\":[{\"@type\":\"ListItem\",\"position\":1,\"name\":\"Inici\",\"item\":\"https:\/\/sergalgr.com\/es\/\"},{\"@type\":\"ListItem\",\"position\":2,\"name\":\"Calendario Sergal 2019\"}]},{\"@type\":\"WebSite\",\"@id\":\"https:\/\/sergalgr.com\/#website\",\"url\":\"https:\/\/sergalgr.com\/\",\"name\":\"Sergal Gesti\u00f3 Ramadera\",\"description\":\"Especialitzats en alta gen\u00e8tica porcina\",\"potentialAction\":[{\"@type\":\"SearchAction\",\"target\":{\"@type\":\"EntryPoint\",\"urlTemplate\":\"https:\/\/sergalgr.com\/?s={search_term_string}\"},\"query-input\":{\"@type\":\"PropertyValueSpecification\",\"valueRequired\":true,\"valueName\":\"search_term_string\"}}],\"inLanguage\":\"es\"},{\"@type\":\"Person\",\"@id\":\"https:\/\/sergalgr.com\/#\/schema\/person\/78a131b8839f92e89a8d681711204cd5\",\"name\":\"sergalgr.com\",\"image\":{\"@type\":\"ImageObject\",\"inLanguage\":\"es\",\"@id\":\"https:\/\/sergalgr.com\/#\/schema\/person\/image\/\",\"url\":\"https:\/\/secure.gravatar.com\/avatar\/f4f3cf07ff838e72cf07f2bd138b6e48d474c347570ad11501912c5f0c2ab061?s=96&d=mm&r=g\",\"contentUrl\":\"https:\/\/secure.gravatar.com\/avatar\/f4f3cf07ff838e72cf07f2bd138b6e48d474c347570ad11501912c5f0c2ab061?s=96&d=mm&r=g\",\"caption\":\"sergalgr.com\"}}]}<\/script>\n<!-- \/ Yoast SEO plugin. -->","yoast_head_json":{"title":"Calendario Sergal 2019 - Sergal Gesti\u00f3 Ramadera","robots":{"index":"index","follow":"follow","max-snippet":"max-snippet:-1","max-image-preview":"max-image-preview:large","max-video-preview":"max-video-preview:-1"},"canonical":"https:\/\/sergalgr.com\/es\/calendario-sergal-2019\/","og_locale":"es_ES","og_type":"article","og_title":"Calendario Sergal 2019 - Sergal Gesti\u00f3 Ramadera","og_description":"Despu\u00e9s de la buena acogida de la edici\u00f3n anterior, para empezar a preparar el a\u00f1o nuevo y tenernos bien cerca, \u00a1os presentamos el nuevo calendario Sergal 2019!","og_url":"https:\/\/sergalgr.com\/es\/calendario-sergal-2019\/","og_site_name":"Sergal Gesti\u00f3 Ramadera","article_published_time":"2018-12-21T10:46:44+00:00","article_modified_time":"2019-06-03T10:48:20+00:00","og_image":[{"width":2448,"height":1800,"url":"https:\/\/sergalgr.com\/wp-content\/uploads\/2019\/06\/Sergal-Calendari-2019.gif","type":"image\/gif"}],"author":"sergalgr.com","twitter_card":"summary_large_image","twitter_creator":"@Sergalgr","twitter_site":"@Sergalgr","twitter_misc":{"Escrito por":"sergalgr.com","Tiempo de lectura":"1 minuto"},"schema":{"@context":"https:\/\/schema.org","@graph":[{"@type":"Article","@id":"https:\/\/sergalgr.com\/es\/calendario-sergal-2019\/#article","isPartOf":{"@id":"https:\/\/sergalgr.com\/es\/calendario-sergal-2019\/"},"author":{"name":"sergalgr.com","@id":"https:\/\/sergalgr.com\/#\/schema\/person\/78a131b8839f92e89a8d681711204cd5"},"headline":"Calendario Sergal 2019","datePublished":"2018-12-21T10:46:44+00:00","dateModified":"2019-06-03T10:48:20+00:00","mainEntityOfPage":{"@id":"https:\/\/sergalgr.com\/es\/calendario-sergal-2019\/"},"wordCount":289,"image":{"@id":"https:\/\/sergalgr.com\/es\/calendario-sergal-2019\/#primaryimage"},"thumbnailUrl":"https:\/\/sergalgr.com\/wp-content\/uploads\/2019\/06\/Sergal-Calendari-2019.gif","articleSection":["Noticias Sergal"],"inLanguage":"es"},{"@type":"WebPage","@id":"https:\/\/sergalgr.com\/es\/calendario-sergal-2019\/","url":"https:\/\/sergalgr.com\/es\/calendario-sergal-2019\/","name":"Calendario Sergal 2019 - Sergal Gesti\u00f3 Ramadera","isPartOf":{"@id":"https:\/\/sergalgr.com\/#website"},"primaryImageOfPage":{"@id":"https:\/\/sergalgr.com\/es\/calendario-sergal-2019\/#primaryimage"},"image":{"@id":"https:\/\/sergalgr.com\/es\/calendario-sergal-2019\/#primaryimage"},"thumbnailUrl":"https:\/\/sergalgr.com\/wp-content\/uploads\/2019\/06\/Sergal-Calendari-2019.gif","datePublished":"2018-12-21T10:46:44+00:00","dateModified":"2019-06-03T10:48:20+00:00","author":{"@id":"https:\/\/sergalgr.com\/#\/schema\/person\/78a131b8839f92e89a8d681711204cd5"},"breadcrumb":{"@id":"https:\/\/sergalgr.com\/es\/calendario-sergal-2019\/#breadcrumb"},"inLanguage":"es","potentialAction":[{"@type":"ReadAction","target":["https:\/\/sergalgr.com\/es\/calendario-sergal-2019\/"]}]},{"@type":"ImageObject","inLanguage":"es","@id":"https:\/\/sergalgr.com\/es\/calendario-sergal-2019\/#primaryimage","url":"https:\/\/sergalgr.com\/wp-content\/uploads\/2019\/06\/Sergal-Calendari-2019.gif","contentUrl":"https:\/\/sergalgr.com\/wp-content\/uploads\/2019\/06\/Sergal-Calendari-2019.gif","width":2448,"height":1800},{"@type":"BreadcrumbList","@id":"https:\/\/sergalgr.com\/es\/calendario-sergal-2019\/#breadcrumb","itemListElement":[{"@type":"ListItem","position":1,"name":"Inici","item":"https:\/\/sergalgr.com\/es\/"},{"@type":"ListItem","position":2,"name":"Calendario Sergal 2019"}]},{"@type":"WebSite","@id":"https:\/\/sergalgr.com\/#website","url":"https:\/\/sergalgr.com\/","name":"Sergal Gesti\u00f3 Ramadera","description":"Especialitzats en alta gen\u00e8tica porcina","potentialAction":[{"@type":"SearchAction","target":{"@type":"EntryPoint","urlTemplate":"https:\/\/sergalgr.com\/?s={search_term_string}"},"query-input":{"@type":"PropertyValueSpecification","valueRequired":true,"valueName":"search_term_string"}}],"inLanguage":"es"},{"@type":"Person","@id":"https:\/\/sergalgr.com\/#\/schema\/person\/78a131b8839f92e89a8d681711204cd5","name":"sergalgr.com","image":{"@type":"ImageObject","inLanguage":"es","@id":"https:\/\/sergalgr.com\/#\/schema\/person\/image\/","url":"https:\/\/secure.gravatar.com\/avatar\/f4f3cf07ff838e72cf07f2bd138b6e48d474c347570ad11501912c5f0c2ab061?s=96&d=mm&r=g","contentUrl":"https:\/\/secure.gravatar.com\/avatar\/f4f3cf07ff838e72cf07f2bd138b6e48d474c347570ad11501912c5f0c2ab061?s=96&d=mm&r=g","caption":"sergalgr.com"}}]}},"_links":{"self":[{"href":"https:\/\/sergalgr.com\/es\/wp-json\/wp\/v2\/posts\/21735","targetHints":{"allow":["GET"]}}],"collection":[{"href":"https:\/\/sergalgr.com\/es\/wp-json\/wp\/v2\/posts"}],"about":[{"href":"https:\/\/sergalgr.com\/es\/wp-json\/wp\/v2\/types\/post"}],"author":[{"embeddable":true,"href":"https:\/\/sergalgr.com\/es\/wp-json\/wp\/v2\/users\/1"}],"replies":[{"embeddable":true,"href":"https:\/\/sergalgr.com\/es\/wp-json\/wp\/v2\/comments?post=21735"}],"version-history":[{"count":1,"href":"https:\/\/sergalgr.com\/es\/wp-json\/wp\/v2\/posts\/21735\/revisions"}],"predecessor-version":[{"id":21739,"href":"https:\/\/sergalgr.com\/es\/wp-json\/wp\/v2\/posts\/21735\/revisions\/21739"}],"wp:featuredmedia":[{"embeddable":true,"href":"https:\/\/sergalgr.com\/es\/wp-json\/wp\/v2\/media\/21737"}],"wp:attachment":[{"href":"https:\/\/sergalgr.com\/es\/wp-json\/wp\/v2\/media?parent=21735"}],"wp:term":[{"taxonomy":"category","embeddable":true,"href":"https:\/\/sergalgr.com\/es\/wp-json\/wp\/v2\/categories?post=21735"},{"taxonomy":"post_tag","embeddable":true,"href":"https:\/\/sergalgr.com\/es\/wp-json\/wp\/v2\/tags?post=21735"}],"curies":[{"name":"wp","href":"https:\/\/api.w.org\/{rel}","templated":true}]}}