{"id":21810,"date":"2018-11-22T11:50:49","date_gmt":"2018-11-22T09:50:49","guid":{"rendered":"https:\/\/sergalgr.com\/?p=21810"},"modified":"2019-06-11T11:52:46","modified_gmt":"2019-06-11T09:52:46","slug":"mejoramos-con-la-iso-90012015","status":"publish","type":"post","link":"https:\/\/sergalgr.com\/es\/mejoramos-con-la-iso-90012015\/","title":{"rendered":"Mejoramos con la ISO 9001:2015"},"content":{"rendered":"<section class=\"wpb-content-wrapper\"><p>[vc_row][vc_column][vc_empty_space height=\u00bb50px\u00bb][\/vc_column][\/vc_row][vc_row][vc_column width=\u00bb1\/6&#8243;][\/vc_column][vc_column width=\u00bb2\/3&#8243;][vc_column_text]Sergal ya dispon\u00eda de la ISO 9001, la <strong>certificaci\u00f3n internacional de gesti\u00f3n de calidad con mayor reconocimiento mundial<\/strong>. Ahora hemos conseguido la mejorada <strong>ISO 9001: 2.015<\/strong> que nos sit\u00faa un nivel m\u00e1s all\u00e1.<\/p>\n<p>&nbsp;<\/p>\n<p>Esta nueva certificaci\u00f3n destaca por haber mejorado en la evaluaci\u00f3n de riesgos y las oportunidades en cada secci\u00f3n de la empresa.<\/p>\n<p>&nbsp;<\/p>\n<p>El nuevo enfoque de la ISO 9001: 2015 ayuda a las organizaciones a que sean competitivas, poniendo \u00e9nfasis en:<\/p>\n<p>_ La evaluaci\u00f3n del entorno competitivo<\/p>\n<p>_ La alineaci\u00f3n con la estrategia<\/p>\n<p>_ El enfoque al cliente y partes interesadas<\/p>\n<p>_ La gesti\u00f3n de riesgos y oportunidades<\/p>\n<p>_ Una organizaci\u00f3n m\u00e1s s\u00f3lida, mejor estructurada y preparada para asumir nuevos retos competitivos<\/p>\n<p>&nbsp;<\/p>\n<p>Uno de los aspectos m\u00e1s importantes para las organizaciones respecto a las ventajas de la ISO 9001: 2015 sobre versiones anteriores, es\u00a0lo referente a la innovaci\u00f3n, siendo la base de la competitividad. Aunque la norma ISO 9001: 2015 no se refiere a la innovaci\u00f3n, los expertos en gesti\u00f3n de calidad hablan de los siguientes aspectos respecto a la innovaci\u00f3n:<\/p>\n<p>_ La innovaci\u00f3n no es s\u00f3lo de producto<\/p>\n<p>_ La evaluaci\u00f3n del ciclo de vida del producto y de las organizaciones<\/p>\n<p>_ En los modelos de negocio<\/p>\n<p>_ La creaci\u00f3n de valor para el cliente<\/p>\n<p>_ El pensamiento creativo en los procesos de mejora<\/p>\n<p>&nbsp;<\/p>\n<p><strong>La innovaci\u00f3n es uno de los puntos fuertes de nuestra marca<\/strong> y nos consolida como un referente en el sector. En Sergal destinamos esfuerzos y recursos a los procesos de <strong>I+D+I<\/strong>, ya que nos ayudan a asegurar unos alt\u00edsimos est\u00e1ndares de calidad. Esto repercute directamente en nuestros productos y servicios, y por tanto, en nuestros clientes.<\/p>\n<p>&nbsp;<\/p>\n<p>Es por ello que hoy queremos compartir con todos vosotros este nuevo reconocimiento para Sergal.<\/p>\n<p>&nbsp;<\/p>\n<p><strong>Gracias a todos por\u00a0vuestra confianza. Seguiremos creciendo y mejorando. \u00a1Seguiremos, con la mirada fija en el futuro del sector, para ir siempre un paso adelante!<\/strong>[\/vc_column_text][\/vc_column][vc_column width=\u00bb1\/6&#8243;][\/vc_column][\/vc_row][vc_row css_animation=\u00bbfadeIn\u00bb][vc_column width=\u00bb1\/6&#8243;][\/vc_column][vc_column width=\u00bb2\/3&#8243;][vc_empty_space height=\u00bb50px\u00bb][vc_single_image image=\u00bb21808&#8243; img_size=\u00bbfull\u00bb alignment=\u00bbcenter\u00bb][\/vc_column][vc_column width=\u00bb1\/6&#8243;][\/vc_column][\/vc_row][vc_row][vc_column][vc_empty_space height=\u00bb100px\u00bb][vc_separator color=\u00bbcustom\u00bb accent_color=\u00bb#8b1c40&#8243;][vc_empty_space height=\u00bb100px\u00bb][\/vc_column][\/vc_row][vc_row][vc_column width=\u00bb1\/2&#8243;][vc_column_text]<\/p>\n<h1>\u00daltimes not\u00edcies<\/h1>\n<p>[\/vc_column_text][\/vc_column][vc_column width=\u00bb1\/2&#8243;][vc_column_text]<\/p>\n<p style=\"text-align: right;\"><span style=\"color: #000000;\"><a style=\"color: #000000;\" href=\"https:\/\/sergalgr.com\/es\/noticies\/\">Tornar a not\u00edcies<\/a><\/span><\/p>\n<p>[\/vc_column_text][\/vc_column][\/vc_row][vc_row][vc_column][vc_empty_space height=\u00bb50px\u00bb][vc_basic_grid post_type=\u00bbpost\u00bb max_items=\u00bb3&#8243; item=\u00bb48&#8243; grid_id=\u00bbvc_gid:1560246652667-5d87c431-d40a-8&#8243;][vc_empty_space height=\u00bb50px\u00bb][vc_separator color=\u00bbcustom\u00bb accent_color=\u00bb#8b1c40&#8243;][\/vc_column][\/vc_row]<\/p>\n<\/section>","protected":false},"excerpt":{"rendered":"<p>Sergal ha conseguido la mejorada ISO 9001: 2015 que nos sit\u00faa un nivel m\u00e1s all\u00e1 en gesti\u00f3n de calidad y eficacia. Gracias por vuestra confianza.<\/p>\n","protected":false},"author":1,"featured_media":21808,"comment_status":"closed","ping_status":"open","sticky":false,"template":"","format":"standard","meta":{"footnotes":""},"categories":[4],"tags":[],"class_list":["post-21810","post","type-post","status-publish","format-standard","has-post-thumbnail","hentry","category-noticias-sergal","category-4","description-off"],"yoast_head":"<!-- This site is optimized with the Yoast SEO plugin v26.9 - https:\/\/yoast.com\/product\/yoast-seo-wordpress\/ -->\n<title>Mejoramos con la ISO 9001:2015 - Sergal Gesti\u00f3 Ramadera<\/title>\n<meta name=\"robots\" content=\"index, follow, max-snippet:-1, max-image-preview:large, max-video-preview:-1\" \/>\n<link rel=\"canonical\" href=\"https:\/\/sergalgr.com\/es\/mejoramos-con-la-iso-90012015\/\" \/>\n<meta property=\"og:locale\" content=\"es_ES\" \/>\n<meta property=\"og:type\" content=\"article\" \/>\n<meta property=\"og:title\" content=\"Mejoramos con la ISO 9001:2015 - Sergal Gesti\u00f3 Ramadera\" \/>\n<meta property=\"og:description\" content=\"Sergal ha conseguido la mejorada ISO 9001: 2015 que nos sit\u00faa un nivel m\u00e1s all\u00e1 en gesti\u00f3n de calidad y eficacia. Gracias por vuestra confianza.\" \/>\n<meta property=\"og:url\" content=\"https:\/\/sergalgr.com\/es\/mejoramos-con-la-iso-90012015\/\" \/>\n<meta property=\"og:site_name\" content=\"Sergal Gesti\u00f3 Ramadera\" \/>\n<meta property=\"article:published_time\" content=\"2018-11-22T09:50:49+00:00\" \/>\n<meta property=\"article:modified_time\" content=\"2019-06-11T09:52:46+00:00\" \/>\n<meta property=\"og:image\" content=\"https:\/\/sergalgr.com\/wp-content\/uploads\/2019\/06\/9001_ENAC_CAST.jpg\" \/>\n\t<meta property=\"og:image:width\" content=\"1702\" \/>\n\t<meta property=\"og:image:height\" content=\"1820\" \/>\n\t<meta property=\"og:image:type\" content=\"image\/jpeg\" \/>\n<meta name=\"author\" content=\"sergalgr.com\" \/>\n<meta name=\"twitter:card\" content=\"summary_large_image\" \/>\n<meta name=\"twitter:creator\" content=\"@Sergalgr\" \/>\n<meta name=\"twitter:site\" content=\"@Sergalgr\" \/>\n<meta name=\"twitter:label1\" content=\"Escrito por\" \/>\n\t<meta name=\"twitter:data1\" content=\"sergalgr.com\" \/>\n\t<meta name=\"twitter:label2\" content=\"Tiempo de lectura\" \/>\n\t<meta name=\"twitter:data2\" content=\"3 minutos\" \/>\n<script type=\"application\/ld+json\" class=\"yoast-schema-graph\">{\"@context\":\"https:\/\/schema.org\",\"@graph\":[{\"@type\":\"Article\",\"@id\":\"https:\/\/sergalgr.com\/es\/mejoramos-con-la-iso-90012015\/#article\",\"isPartOf\":{\"@id\":\"https:\/\/sergalgr.com\/es\/mejoramos-con-la-iso-90012015\/\"},\"author\":{\"name\":\"sergalgr.com\",\"@id\":\"https:\/\/sergalgr.com\/#\/schema\/person\/78a131b8839f92e89a8d681711204cd5\"},\"headline\":\"Mejoramos con la ISO 9001:2015\",\"datePublished\":\"2018-11-22T09:50:49+00:00\",\"dateModified\":\"2019-06-11T09:52:46+00:00\",\"mainEntityOfPage\":{\"@id\":\"https:\/\/sergalgr.com\/es\/mejoramos-con-la-iso-90012015\/\"},\"wordCount\":511,\"image\":{\"@id\":\"https:\/\/sergalgr.com\/es\/mejoramos-con-la-iso-90012015\/#primaryimage\"},\"thumbnailUrl\":\"https:\/\/sergalgr.com\/wp-content\/uploads\/2019\/06\/9001_ENAC_CAST.jpg\",\"articleSection\":[\"Noticias Sergal\"],\"inLanguage\":\"es\"},{\"@type\":\"WebPage\",\"@id\":\"https:\/\/sergalgr.com\/es\/mejoramos-con-la-iso-90012015\/\",\"url\":\"https:\/\/sergalgr.com\/es\/mejoramos-con-la-iso-90012015\/\",\"name\":\"Mejoramos con la ISO 9001:2015 - Sergal Gesti\u00f3 Ramadera\",\"isPartOf\":{\"@id\":\"https:\/\/sergalgr.com\/#website\"},\"primaryImageOfPage\":{\"@id\":\"https:\/\/sergalgr.com\/es\/mejoramos-con-la-iso-90012015\/#primaryimage\"},\"image\":{\"@id\":\"https:\/\/sergalgr.com\/es\/mejoramos-con-la-iso-90012015\/#primaryimage\"},\"thumbnailUrl\":\"https:\/\/sergalgr.com\/wp-content\/uploads\/2019\/06\/9001_ENAC_CAST.jpg\",\"datePublished\":\"2018-11-22T09:50:49+00:00\",\"dateModified\":\"2019-06-11T09:52:46+00:00\",\"author\":{\"@id\":\"https:\/\/sergalgr.com\/#\/schema\/person\/78a131b8839f92e89a8d681711204cd5\"},\"breadcrumb\":{\"@id\":\"https:\/\/sergalgr.com\/es\/mejoramos-con-la-iso-90012015\/#breadcrumb\"},\"inLanguage\":\"es\",\"potentialAction\":[{\"@type\":\"ReadAction\",\"target\":[\"https:\/\/sergalgr.com\/es\/mejoramos-con-la-iso-90012015\/\"]}]},{\"@type\":\"ImageObject\",\"inLanguage\":\"es\",\"@id\":\"https:\/\/sergalgr.com\/es\/mejoramos-con-la-iso-90012015\/#primaryimage\",\"url\":\"https:\/\/sergalgr.com\/wp-content\/uploads\/2019\/06\/9001_ENAC_CAST.jpg\",\"contentUrl\":\"https:\/\/sergalgr.com\/wp-content\/uploads\/2019\/06\/9001_ENAC_CAST.jpg\",\"width\":1702,\"height\":1820,\"caption\":\"9001_ENAC_CAST\"},{\"@type\":\"BreadcrumbList\",\"@id\":\"https:\/\/sergalgr.com\/es\/mejoramos-con-la-iso-90012015\/#breadcrumb\",\"itemListElement\":[{\"@type\":\"ListItem\",\"position\":1,\"name\":\"Inici\",\"item\":\"https:\/\/sergalgr.com\/es\/\"},{\"@type\":\"ListItem\",\"position\":2,\"name\":\"Mejoramos con la ISO 9001:2015\"}]},{\"@type\":\"WebSite\",\"@id\":\"https:\/\/sergalgr.com\/#website\",\"url\":\"https:\/\/sergalgr.com\/\",\"name\":\"Sergal Gesti\u00f3 Ramadera\",\"description\":\"Especialitzats en alta gen\u00e8tica porcina\",\"potentialAction\":[{\"@type\":\"SearchAction\",\"target\":{\"@type\":\"EntryPoint\",\"urlTemplate\":\"https:\/\/sergalgr.com\/?s={search_term_string}\"},\"query-input\":{\"@type\":\"PropertyValueSpecification\",\"valueRequired\":true,\"valueName\":\"search_term_string\"}}],\"inLanguage\":\"es\"},{\"@type\":\"Person\",\"@id\":\"https:\/\/sergalgr.com\/#\/schema\/person\/78a131b8839f92e89a8d681711204cd5\",\"name\":\"sergalgr.com\",\"image\":{\"@type\":\"ImageObject\",\"inLanguage\":\"es\",\"@id\":\"https:\/\/sergalgr.com\/#\/schema\/person\/image\/\",\"url\":\"https:\/\/secure.gravatar.com\/avatar\/f4f3cf07ff838e72cf07f2bd138b6e48d474c347570ad11501912c5f0c2ab061?s=96&d=mm&r=g\",\"contentUrl\":\"https:\/\/secure.gravatar.com\/avatar\/f4f3cf07ff838e72cf07f2bd138b6e48d474c347570ad11501912c5f0c2ab061?s=96&d=mm&r=g\",\"caption\":\"sergalgr.com\"}}]}<\/script>\n<!-- \/ Yoast SEO plugin. -->","yoast_head_json":{"title":"Mejoramos con la ISO 9001:2015 - Sergal Gesti\u00f3 Ramadera","robots":{"index":"index","follow":"follow","max-snippet":"max-snippet:-1","max-image-preview":"max-image-preview:large","max-video-preview":"max-video-preview:-1"},"canonical":"https:\/\/sergalgr.com\/es\/mejoramos-con-la-iso-90012015\/","og_locale":"es_ES","og_type":"article","og_title":"Mejoramos con la ISO 9001:2015 - Sergal Gesti\u00f3 Ramadera","og_description":"Sergal ha conseguido la mejorada ISO 9001: 2015 que nos sit\u00faa un nivel m\u00e1s all\u00e1 en gesti\u00f3n de calidad y eficacia. Gracias por vuestra confianza.","og_url":"https:\/\/sergalgr.com\/es\/mejoramos-con-la-iso-90012015\/","og_site_name":"Sergal Gesti\u00f3 Ramadera","article_published_time":"2018-11-22T09:50:49+00:00","article_modified_time":"2019-06-11T09:52:46+00:00","og_image":[{"width":1702,"height":1820,"url":"https:\/\/sergalgr.com\/wp-content\/uploads\/2019\/06\/9001_ENAC_CAST.jpg","type":"image\/jpeg"}],"author":"sergalgr.com","twitter_card":"summary_large_image","twitter_creator":"@Sergalgr","twitter_site":"@Sergalgr","twitter_misc":{"Escrito por":"sergalgr.com","Tiempo de lectura":"3 minutos"},"schema":{"@context":"https:\/\/schema.org","@graph":[{"@type":"Article","@id":"https:\/\/sergalgr.com\/es\/mejoramos-con-la-iso-90012015\/#article","isPartOf":{"@id":"https:\/\/sergalgr.com\/es\/mejoramos-con-la-iso-90012015\/"},"author":{"name":"sergalgr.com","@id":"https:\/\/sergalgr.com\/#\/schema\/person\/78a131b8839f92e89a8d681711204cd5"},"headline":"Mejoramos con la ISO 9001:2015","datePublished":"2018-11-22T09:50:49+00:00","dateModified":"2019-06-11T09:52:46+00:00","mainEntityOfPage":{"@id":"https:\/\/sergalgr.com\/es\/mejoramos-con-la-iso-90012015\/"},"wordCount":511,"image":{"@id":"https:\/\/sergalgr.com\/es\/mejoramos-con-la-iso-90012015\/#primaryimage"},"thumbnailUrl":"https:\/\/sergalgr.com\/wp-content\/uploads\/2019\/06\/9001_ENAC_CAST.jpg","articleSection":["Noticias Sergal"],"inLanguage":"es"},{"@type":"WebPage","@id":"https:\/\/sergalgr.com\/es\/mejoramos-con-la-iso-90012015\/","url":"https:\/\/sergalgr.com\/es\/mejoramos-con-la-iso-90012015\/","name":"Mejoramos con la ISO 9001:2015 - Sergal Gesti\u00f3 Ramadera","isPartOf":{"@id":"https:\/\/sergalgr.com\/#website"},"primaryImageOfPage":{"@id":"https:\/\/sergalgr.com\/es\/mejoramos-con-la-iso-90012015\/#primaryimage"},"image":{"@id":"https:\/\/sergalgr.com\/es\/mejoramos-con-la-iso-90012015\/#primaryimage"},"thumbnailUrl":"https:\/\/sergalgr.com\/wp-content\/uploads\/2019\/06\/9001_ENAC_CAST.jpg","datePublished":"2018-11-22T09:50:49+00:00","dateModified":"2019-06-11T09:52:46+00:00","author":{"@id":"https:\/\/sergalgr.com\/#\/schema\/person\/78a131b8839f92e89a8d681711204cd5"},"breadcrumb":{"@id":"https:\/\/sergalgr.com\/es\/mejoramos-con-la-iso-90012015\/#breadcrumb"},"inLanguage":"es","potentialAction":[{"@type":"ReadAction","target":["https:\/\/sergalgr.com\/es\/mejoramos-con-la-iso-90012015\/"]}]},{"@type":"ImageObject","inLanguage":"es","@id":"https:\/\/sergalgr.com\/es\/mejoramos-con-la-iso-90012015\/#primaryimage","url":"https:\/\/sergalgr.com\/wp-content\/uploads\/2019\/06\/9001_ENAC_CAST.jpg","contentUrl":"https:\/\/sergalgr.com\/wp-content\/uploads\/2019\/06\/9001_ENAC_CAST.jpg","width":1702,"height":1820,"caption":"9001_ENAC_CAST"},{"@type":"BreadcrumbList","@id":"https:\/\/sergalgr.com\/es\/mejoramos-con-la-iso-90012015\/#breadcrumb","itemListElement":[{"@type":"ListItem","position":1,"name":"Inici","item":"https:\/\/sergalgr.com\/es\/"},{"@type":"ListItem","position":2,"name":"Mejoramos con la ISO 9001:2015"}]},{"@type":"WebSite","@id":"https:\/\/sergalgr.com\/#website","url":"https:\/\/sergalgr.com\/","name":"Sergal Gesti\u00f3 Ramadera","description":"Especialitzats en alta gen\u00e8tica porcina","potentialAction":[{"@type":"SearchAction","target":{"@type":"EntryPoint","urlTemplate":"https:\/\/sergalgr.com\/?s={search_term_string}"},"query-input":{"@type":"PropertyValueSpecification","valueRequired":true,"valueName":"search_term_string"}}],"inLanguage":"es"},{"@type":"Person","@id":"https:\/\/sergalgr.com\/#\/schema\/person\/78a131b8839f92e89a8d681711204cd5","name":"sergalgr.com","image":{"@type":"ImageObject","inLanguage":"es","@id":"https:\/\/sergalgr.com\/#\/schema\/person\/image\/","url":"https:\/\/secure.gravatar.com\/avatar\/f4f3cf07ff838e72cf07f2bd138b6e48d474c347570ad11501912c5f0c2ab061?s=96&d=mm&r=g","contentUrl":"https:\/\/secure.gravatar.com\/avatar\/f4f3cf07ff838e72cf07f2bd138b6e48d474c347570ad11501912c5f0c2ab061?s=96&d=mm&r=g","caption":"sergalgr.com"}}]}},"_links":{"self":[{"href":"https:\/\/sergalgr.com\/es\/wp-json\/wp\/v2\/posts\/21810","targetHints":{"allow":["GET"]}}],"collection":[{"href":"https:\/\/sergalgr.com\/es\/wp-json\/wp\/v2\/posts"}],"about":[{"href":"https:\/\/sergalgr.com\/es\/wp-json\/wp\/v2\/types\/post"}],"author":[{"embeddable":true,"href":"https:\/\/sergalgr.com\/es\/wp-json\/wp\/v2\/users\/1"}],"replies":[{"embeddable":true,"href":"https:\/\/sergalgr.com\/es\/wp-json\/wp\/v2\/comments?post=21810"}],"version-history":[{"count":1,"href":"https:\/\/sergalgr.com\/es\/wp-json\/wp\/v2\/posts\/21810\/revisions"}],"predecessor-version":[{"id":21812,"href":"https:\/\/sergalgr.com\/es\/wp-json\/wp\/v2\/posts\/21810\/revisions\/21812"}],"wp:featuredmedia":[{"embeddable":true,"href":"https:\/\/sergalgr.com\/es\/wp-json\/wp\/v2\/media\/21808"}],"wp:attachment":[{"href":"https:\/\/sergalgr.com\/es\/wp-json\/wp\/v2\/media?parent=21810"}],"wp:term":[{"taxonomy":"category","embeddable":true,"href":"https:\/\/sergalgr.com\/es\/wp-json\/wp\/v2\/categories?post=21810"},{"taxonomy":"post_tag","embeddable":true,"href":"https:\/\/sergalgr.com\/es\/wp-json\/wp\/v2\/tags?post=21810"}],"curies":[{"name":"wp","href":"https:\/\/api.w.org\/{rel}","templated":true}]}}